{"id":393,"date":"2017-12-04T23:33:00","date_gmt":"2017-12-05T04:33:00","guid":{"rendered":"https:\/\/idheas.org.mx\/personas-defensoras-ddhh-periodistas\/?p=393"},"modified":"2023-03-03T16:45:20","modified_gmt":"2023-03-03T21:45:20","slug":"informe-conjunto-del-relator-especial-de-las-naciones-unidas-sobre-la-promocion-y-proteccion-del-derecho-a-la-libertad-de-opinion-y-de-expresion-y-el-relator-especial-para-la-libertad-de-expresion-de","status":"publish","type":"post","link":"https:\/\/idheas.org.mx\/personas-defensoras-ddhh-periodistas\/informe-conjunto-del-relator-especial-de-las-naciones-unidas-sobre-la-promocion-y-proteccion-del-derecho-a-la-libertad-de-opinion-y-de-expresion-y-el-relator-especial-para-la-libertad-de-expresion-de\/","title":{"rendered":"Informe conjunto del Relator Especial de las Naciones Unidas sobre la promoci\u00f3n y protecci\u00f3n del derecho a la libertad de opini\u00f3n y de expresi\u00f3n y el Relator Especial para la libertad de expresi\u00f3n de la CIDH sobre su misi\u00f3n a M\u00e9xico"},"content":{"rendered":"\n<div class=\"wp-block-buttons is-layout-flex wp-block-buttons-is-layout-flex\">\n<div class=\"wp-block-button is-style-fill\"><a class=\"wp-block-button__link wp-element-button\" href=\"https:\/\/hchr.org.mx\/wp\/wp-content\/themes\/hchr\/images\/doc_pub\/20180618_CIDH-UN-FINAL-MX_reportSPA.pdf\" target=\"_blank\" rel=\"noreferrer noopener\">Descargar<\/a><\/div>\n<\/div>\n\n\n\n<p><\/p>\n","protected":false},"excerpt":{"rendered":"<p>La Relator\u00eda Especial para la libertad de expresi\u00f3n de la Comisi\u00f3n<br \/>\nInteramericana de Derechos Humanos (CIDH) efectu\u00f3 una visita oficial a M\u00e9xico del 27 de noviembre al 4 de diciembre de 2017, invitado por el Gobierno. La misi\u00f3n, encabezada por el Relator Especial, Edison Lanza, y llevada a cabo conjuntamente con el Relator Especial sobre la promoci\u00f3n y protecci\u00f3n del derecho a la libertad de opini\u00f3n y de expresi\u00f3n<\/p>\n","protected":false},"author":1,"featured_media":1123,"comment_status":"open","ping_status":"open","sticky":false,"template":"","format":"standard","meta":{"footnotes":""},"categories":[13,29],"tags":[],"class_list":["post-393","post","type-post","status-publish","format-standard","has-post-thumbnail","hentry","category-periodistas-sistema-universal-ddhh","category-periodistas-comision-intermericana"],"_links":{"self":[{"href":"https:\/\/idheas.org.mx\/personas-defensoras-ddhh-periodistas\/wp-json\/wp\/v2\/posts\/393","targetHints":{"allow":["GET"]}}],"collection":[{"href":"https:\/\/idheas.org.mx\/personas-defensoras-ddhh-periodistas\/wp-json\/wp\/v2\/posts"}],"about":[{"href":"https:\/\/idheas.org.mx\/personas-defensoras-ddhh-periodistas\/wp-json\/wp\/v2\/types\/post"}],"author":[{"embeddable":true,"href":"https:\/\/idheas.org.mx\/personas-defensoras-ddhh-periodistas\/wp-json\/wp\/v2\/users\/1"}],"replies":[{"embeddable":true,"href":"https:\/\/idheas.org.mx\/personas-defensoras-ddhh-periodistas\/wp-json\/wp\/v2\/comments?post=393"}],"version-history":[{"count":2,"href":"https:\/\/idheas.org.mx\/personas-defensoras-ddhh-periodistas\/wp-json\/wp\/v2\/posts\/393\/revisions"}],"predecessor-version":[{"id":1124,"href":"https:\/\/idheas.org.mx\/personas-defensoras-ddhh-periodistas\/wp-json\/wp\/v2\/posts\/393\/revisions\/1124"}],"wp:featuredmedia":[{"embeddable":true,"href":"https:\/\/idheas.org.mx\/personas-defensoras-ddhh-periodistas\/wp-json\/wp\/v2\/media\/1123"}],"wp:attachment":[{"href":"https:\/\/idheas.org.mx\/personas-defensoras-ddhh-periodistas\/wp-json\/wp\/v2\/media?parent=393"}],"wp:term":[{"taxonomy":"category","embeddable":true,"href":"https:\/\/idheas.org.mx\/personas-defensoras-ddhh-periodistas\/wp-json\/wp\/v2\/categories?post=393"},{"taxonomy":"post_tag","embeddable":true,"href":"https:\/\/idheas.org.mx\/personas-defensoras-ddhh-periodistas\/wp-json\/wp\/v2\/tags?post=393"}],"curies":[{"name":"wp","href":"https:\/\/api.w.org\/{rel}","templated":true}]}}