{"id":464,"date":"2021-01-21T00:04:00","date_gmt":"2021-01-21T05:04:00","guid":{"rendered":"https:\/\/idheas.org.mx\/personas-defensoras-ddhh-periodistas\/?p=464"},"modified":"2023-01-26T22:43:29","modified_gmt":"2023-01-27T03:43:29","slug":"cuadernillo-de-jurisprudencia-de-la-corte-interamericana-de-derechos-humanos-no-4-derechos-humanos-de-las-mujeres-corte-interamericana-de-derechos-humanos","status":"publish","type":"post","link":"https:\/\/idheas.org.mx\/personas-defensoras-ddhh-periodistas\/cuadernillo-de-jurisprudencia-de-la-corte-interamericana-de-derechos-humanos-no-4-derechos-humanos-de-las-mujeres-corte-interamericana-de-derechos-humanos\/","title":{"rendered":"Cuadernillo de Jurisprudencia de la Corte Interamericana de Derechos Humanos No. 4 : Derechos Humanos de las Mujeres \/ Corte Interamericana de Derechos Humanos"},"content":{"rendered":"\n<div class=\"wp-block-buttons is-layout-flex wp-block-buttons-is-layout-flex\">\n<div class=\"wp-block-button is-style-fill\"><a class=\"wp-block-button__link wp-element-button\" href=\"https:\/\/idheas.org.mx\/personas-defensoras-ddhh-periodistas\/wp-content\/uploads\/2022\/11\/cuadernillo4_2021.pdf\" target=\"_blank\" rel=\"noreferrer noopener\">Descargar<\/a><\/div>\n<\/div>\n\n\n\n<p><\/p>\n","protected":false},"excerpt":{"rendered":"<p>La serie Cuadernillos de Jurisprudencia se compone de publicaciones que sistematizan<br \/>\ntem\u00e1ticamente o por pa\u00edses los est\u00e1ndares de derechos humanos adoptados por la Corte Interamericana de Derechos Humanos (Corte IDH). Su prop\u00f3sito es difundir, de manera accesible, las principales l\u00edneas jurisprudenciales del Tribunal respecto de diversos temas de relevancia e inter\u00e9s regional.<\/p>\n","protected":false},"author":1,"featured_media":477,"comment_status":"open","ping_status":"open","sticky":false,"template":"","format":"standard","meta":{"footnotes":""},"categories":[40],"tags":[],"class_list":["post-464","post","type-post","status-publish","format-standard","has-post-thumbnail","hentry","category-derechos-de-las-mujeres-genero-corte-interamericana"],"_links":{"self":[{"href":"https:\/\/idheas.org.mx\/personas-defensoras-ddhh-periodistas\/wp-json\/wp\/v2\/posts\/464","targetHints":{"allow":["GET"]}}],"collection":[{"href":"https:\/\/idheas.org.mx\/personas-defensoras-ddhh-periodistas\/wp-json\/wp\/v2\/posts"}],"about":[{"href":"https:\/\/idheas.org.mx\/personas-defensoras-ddhh-periodistas\/wp-json\/wp\/v2\/types\/post"}],"author":[{"embeddable":true,"href":"https:\/\/idheas.org.mx\/personas-defensoras-ddhh-periodistas\/wp-json\/wp\/v2\/users\/1"}],"replies":[{"embeddable":true,"href":"https:\/\/idheas.org.mx\/personas-defensoras-ddhh-periodistas\/wp-json\/wp\/v2\/comments?post=464"}],"version-history":[{"count":1,"href":"https:\/\/idheas.org.mx\/personas-defensoras-ddhh-periodistas\/wp-json\/wp\/v2\/posts\/464\/revisions"}],"predecessor-version":[{"id":478,"href":"https:\/\/idheas.org.mx\/personas-defensoras-ddhh-periodistas\/wp-json\/wp\/v2\/posts\/464\/revisions\/478"}],"wp:featuredmedia":[{"embeddable":true,"href":"https:\/\/idheas.org.mx\/personas-defensoras-ddhh-periodistas\/wp-json\/wp\/v2\/media\/477"}],"wp:attachment":[{"href":"https:\/\/idheas.org.mx\/personas-defensoras-ddhh-periodistas\/wp-json\/wp\/v2\/media?parent=464"}],"wp:term":[{"taxonomy":"category","embeddable":true,"href":"https:\/\/idheas.org.mx\/personas-defensoras-ddhh-periodistas\/wp-json\/wp\/v2\/categories?post=464"},{"taxonomy":"post_tag","embeddable":true,"href":"https:\/\/idheas.org.mx\/personas-defensoras-ddhh-periodistas\/wp-json\/wp\/v2\/tags?post=464"}],"curies":[{"name":"wp","href":"https:\/\/api.w.org\/{rel}","templated":true}]}}