{"id":484,"date":"2021-01-21T15:12:00","date_gmt":"2021-01-21T20:12:00","guid":{"rendered":"https:\/\/idheas.org.mx\/personas-defensoras-ddhh-periodistas\/?p=484"},"modified":"2022-11-21T15:14:45","modified_gmt":"2022-11-21T20:14:45","slug":"cuadernillo-de-jurisprudencia-de-la-corte-interamericana-de-derechos-humanos-no-16-libertad-de-pensamiento-y-de-expresion-corte-interamericana-de-derechos-humanos","status":"publish","type":"post","link":"https:\/\/idheas.org.mx\/personas-defensoras-ddhh-periodistas\/cuadernillo-de-jurisprudencia-de-la-corte-interamericana-de-derechos-humanos-no-16-libertad-de-pensamiento-y-de-expresion-corte-interamericana-de-derechos-humanos\/","title":{"rendered":"Cuadernillo de Jurisprudencia de la Corte Interamericana de Derechos Humanos No. 16 : Libertad de pensamiento y de expresi\u00f3n \/ Corte Interamericana de Derechos Humanos"},"content":{"rendered":"\n<div class=\"wp-block-buttons is-layout-flex wp-block-buttons-is-layout-flex\">\n<div class=\"wp-block-button is-style-fill\"><a class=\"wp-block-button__link wp-element-button\" href=\"https:\/\/idheas.org.mx\/personas-defensoras-ddhh-periodistas\/wp-content\/uploads\/2022\/11\/cuadernillo16_2021.pdf\" target=\"_blank\" rel=\"noreferrer noopener\">Descargar<\/a><\/div>\n<\/div>\n\n\n\n<p><\/p>\n","protected":false},"excerpt":{"rendered":"<p>La serie Cuadernillos de Jurisprudencia se compone de publicaciones que sistematizan tem\u00e1ticamente o por pa\u00edses los est\u00e1ndares de derechos humanos adoptados por la Corte Interamericana de Derechos Humanos (Corte IDH). Su prop\u00f3sito es difundir, de manera accesible, las principales l\u00edneas jurisprudenciales del Tribunal respecto de diversos temas de relevancia e inter\u00e9s regional.<\/p>\n","protected":false},"author":1,"featured_media":488,"comment_status":"open","ping_status":"open","sticky":false,"template":"","format":"standard","meta":{"footnotes":""},"categories":[22],"tags":[],"class_list":["post-484","post","type-post","status-publish","format-standard","has-post-thumbnail","hentry","category-periodistas-corte-interamericana"],"_links":{"self":[{"href":"https:\/\/idheas.org.mx\/personas-defensoras-ddhh-periodistas\/wp-json\/wp\/v2\/posts\/484","targetHints":{"allow":["GET"]}}],"collection":[{"href":"https:\/\/idheas.org.mx\/personas-defensoras-ddhh-periodistas\/wp-json\/wp\/v2\/posts"}],"about":[{"href":"https:\/\/idheas.org.mx\/personas-defensoras-ddhh-periodistas\/wp-json\/wp\/v2\/types\/post"}],"author":[{"embeddable":true,"href":"https:\/\/idheas.org.mx\/personas-defensoras-ddhh-periodistas\/wp-json\/wp\/v2\/users\/1"}],"replies":[{"embeddable":true,"href":"https:\/\/idheas.org.mx\/personas-defensoras-ddhh-periodistas\/wp-json\/wp\/v2\/comments?post=484"}],"version-history":[{"count":1,"href":"https:\/\/idheas.org.mx\/personas-defensoras-ddhh-periodistas\/wp-json\/wp\/v2\/posts\/484\/revisions"}],"predecessor-version":[{"id":489,"href":"https:\/\/idheas.org.mx\/personas-defensoras-ddhh-periodistas\/wp-json\/wp\/v2\/posts\/484\/revisions\/489"}],"wp:featuredmedia":[{"embeddable":true,"href":"https:\/\/idheas.org.mx\/personas-defensoras-ddhh-periodistas\/wp-json\/wp\/v2\/media\/488"}],"wp:attachment":[{"href":"https:\/\/idheas.org.mx\/personas-defensoras-ddhh-periodistas\/wp-json\/wp\/v2\/media?parent=484"}],"wp:term":[{"taxonomy":"category","embeddable":true,"href":"https:\/\/idheas.org.mx\/personas-defensoras-ddhh-periodistas\/wp-json\/wp\/v2\/categories?post=484"},{"taxonomy":"post_tag","embeddable":true,"href":"https:\/\/idheas.org.mx\/personas-defensoras-ddhh-periodistas\/wp-json\/wp\/v2\/tags?post=484"}],"curies":[{"name":"wp","href":"https:\/\/api.w.org\/{rel}","templated":true}]}}