{"id":723,"date":"2022-11-22T00:01:47","date_gmt":"2022-11-22T05:01:47","guid":{"rendered":"https:\/\/idheas.org.mx\/personas-defensoras-ddhh-periodistas\/?p=723"},"modified":"2023-03-03T09:42:44","modified_gmt":"2023-03-03T14:42:44","slug":"los-pueblos-indigenas-y-la-recuperacion-de-la-enfermedad-por-coronavirus-covid-19","status":"publish","type":"post","link":"https:\/\/idheas.org.mx\/personas-defensoras-ddhh-periodistas\/los-pueblos-indigenas-y-la-recuperacion-de-la-enfermedad-por-coronavirus-covid-19\/","title":{"rendered":"Los pueblos ind\u00edgenas y la recuperaci\u00f3n de la enfermedad por coronavirus (COVID-19)"},"content":{"rendered":"\n<div class=\"wp-block-buttons is-layout-flex wp-block-buttons-is-layout-flex\">\n<div class=\"wp-block-button is-style-fill\"><a class=\"wp-block-button__link wp-element-button\" href=\"https:\/\/idheas.org.mx\/personas-defensoras-ddhh-periodistas\/wp-content\/uploads\/2022\/11\/G2121715.pdf\">Descargar<\/a><\/div>\n<\/div>\n\n\n\n<p><\/p>\n","protected":false},"excerpt":{"rendered":"<p>En el presente informe, elaborado en cumplimiento de la resoluci\u00f3n 42\/20 del Consejo de Derechos Humanos, el Relator Especial sobre los derechos de los pueblos ind\u00edgenas, Jos\u00e9 Francisco Cal\u00ed Tzay, se centra en la fase de recuperaci\u00f3n de la enfermedad por coronavirus (COVID-19) y los planes conexos, y en el impacto que la pandemia ha tenido en los derechos<br \/>\nindividuales y colectivos de los pueblos ind\u00edgenas<\/p>\n","protected":false},"author":1,"featured_media":1047,"comment_status":"open","ping_status":"open","sticky":false,"template":"","format":"standard","meta":{"footnotes":""},"categories":[15],"tags":[],"class_list":["post-723","post","type-post","status-publish","format-standard","has-post-thumbnail","hentry","category-pueblo-indigenas"],"_links":{"self":[{"href":"https:\/\/idheas.org.mx\/personas-defensoras-ddhh-periodistas\/wp-json\/wp\/v2\/posts\/723","targetHints":{"allow":["GET"]}}],"collection":[{"href":"https:\/\/idheas.org.mx\/personas-defensoras-ddhh-periodistas\/wp-json\/wp\/v2\/posts"}],"about":[{"href":"https:\/\/idheas.org.mx\/personas-defensoras-ddhh-periodistas\/wp-json\/wp\/v2\/types\/post"}],"author":[{"embeddable":true,"href":"https:\/\/idheas.org.mx\/personas-defensoras-ddhh-periodistas\/wp-json\/wp\/v2\/users\/1"}],"replies":[{"embeddable":true,"href":"https:\/\/idheas.org.mx\/personas-defensoras-ddhh-periodistas\/wp-json\/wp\/v2\/comments?post=723"}],"version-history":[{"count":1,"href":"https:\/\/idheas.org.mx\/personas-defensoras-ddhh-periodistas\/wp-json\/wp\/v2\/posts\/723\/revisions"}],"predecessor-version":[{"id":735,"href":"https:\/\/idheas.org.mx\/personas-defensoras-ddhh-periodistas\/wp-json\/wp\/v2\/posts\/723\/revisions\/735"}],"wp:featuredmedia":[{"embeddable":true,"href":"https:\/\/idheas.org.mx\/personas-defensoras-ddhh-periodistas\/wp-json\/wp\/v2\/media\/1047"}],"wp:attachment":[{"href":"https:\/\/idheas.org.mx\/personas-defensoras-ddhh-periodistas\/wp-json\/wp\/v2\/media?parent=723"}],"wp:term":[{"taxonomy":"category","embeddable":true,"href":"https:\/\/idheas.org.mx\/personas-defensoras-ddhh-periodistas\/wp-json\/wp\/v2\/categories?post=723"},{"taxonomy":"post_tag","embeddable":true,"href":"https:\/\/idheas.org.mx\/personas-defensoras-ddhh-periodistas\/wp-json\/wp\/v2\/tags?post=723"}],"curies":[{"name":"wp","href":"https:\/\/api.w.org\/{rel}","templated":true}]}}